{"id":12350,"date":"2022-04-19T11:28:04","date_gmt":"2022-04-19T09:28:04","guid":{"rendered":"https:\/\/www.fbsprofilati.it\/?p=12350"},"modified":"2023-04-03T12:19:38","modified_gmt":"2023-04-03T10:19:38","slug":"la-soft-collection-alla-fiera-maderalia-2022-a-valencia","status":"publish","type":"post","link":"https:\/\/www.fbsprofilati.it\/it\/la-soft-collection-alla-fiera-maderalia-2022-a-valencia\/","title":{"rendered":"La Soft Collection alla Fiera Maderalia 2022 a Valencia"},"content":{"rendered":"<p>FBSprofilati ha preso parte a <strong>Maderalia, Fiera Internazionale<\/strong> dei Materiali, tecnologia e componenti per l&#8217;arredamento e progetti di interior design. Si tratta della trentanovesima edizione ed ha avuto luogo <strong>dal 29 marzo all&#8217;1 aprile 2022 a Valencia<\/strong>.<br \/>\nSi pensava ad aspettativa di affluenza bassa, invece \u00e8 stata pi\u00f9 che soddisfacente: pi\u00f9 di 90 contatti nuovi in soli 4 giorni. Ovviamente lo staff di FBS ha incontrato con piacere i clienti di vecchia data e i nuovi.<\/p>\n\n\t\t<style type=\"text\/css\">\n\t\t\t#gallery-1 {\n\t\t\t\tmargin: auto;\n\t\t\t}\n\t\t\t#gallery-1 .gallery-item {\n\t\t\t\tfloat: left;\n\t\t\t\tmargin-top: 10px;\n\t\t\t\ttext-align: center;\n\t\t\t\twidth: 50%;\n\t\t\t}\n\t\t\t#gallery-1 img {\n\t\t\t\tborder: 2px solid #cfcfcf;\n\t\t\t}\n\t\t\t#gallery-1 .gallery-caption {\n\t\t\t\tmargin-left: 0;\n\t\t\t}\n\t\t\t\/* see gallery_shortcode() in wp-includes\/media.php *\/\n\t\t<\/style>\n\t\t<div id='gallery-1' class='gallery galleryid-12350 gallery-columns-2 gallery-size-large'><dl class='gallery-item'>\n\t\t\t<dt class='gallery-icon landscape'>\n\t\t\t\t<a href='https:\/\/www.fbsprofilati.it\/it\/la-soft-collection-alla-fiera-maderalia-2022-a-valencia\/fbs-profilati-serrandine\/'><img loading=\"lazy\" decoding=\"async\" width=\"840\" height=\"546\" src=\"https:\/\/www.fbsprofilati.it\/wp-content\/uploads\/fbs-profilati-serrandine.jpg\" class=\"attachment-large size-large\" alt=\"\" srcset=\"https:\/\/www.fbsprofilati.it\/wp-content\/uploads\/fbs-profilati-serrandine.jpg 840w, https:\/\/www.fbsprofilati.it\/wp-content\/uploads\/fbs-profilati-serrandine-300x195.jpg 300w, https:\/\/www.fbsprofilati.it\/wp-content\/uploads\/fbs-profilati-serrandine-768x499.jpg 768w, https:\/\/www.fbsprofilati.it\/wp-content\/uploads\/fbs-profilati-serrandine-400x260.jpg 400w, https:\/\/www.fbsprofilati.it\/wp-content\/uploads\/fbs-profilati-serrandine-700x455.jpg 700w\" sizes=\"auto, (max-width: 840px) 100vw, 840px\" \/><\/a>\n\t\t\t<\/dt><\/dl><dl class='gallery-item'>\n\t\t\t<dt class='gallery-icon landscape'>\n\t\t\t\t<a href='https:\/\/www.fbsprofilati.it\/it\/la-soft-collection-alla-fiera-maderalia-2022-a-valencia\/fbs-profilati-colori-serrandine\/'><img loading=\"lazy\" decoding=\"async\" width=\"840\" height=\"546\" src=\"https:\/\/www.fbsprofilati.it\/wp-content\/uploads\/fbs-profilati-colori-serrandine.jpg\" class=\"attachment-large size-large\" alt=\"\" srcset=\"https:\/\/www.fbsprofilati.it\/wp-content\/uploads\/fbs-profilati-colori-serrandine.jpg 840w, https:\/\/www.fbsprofilati.it\/wp-content\/uploads\/fbs-profilati-colori-serrandine-300x195.jpg 300w, https:\/\/www.fbsprofilati.it\/wp-content\/uploads\/fbs-profilati-colori-serrandine-768x499.jpg 768w, https:\/\/www.fbsprofilati.it\/wp-content\/uploads\/fbs-profilati-colori-serrandine-400x260.jpg 400w, https:\/\/www.fbsprofilati.it\/wp-content\/uploads\/fbs-profilati-colori-serrandine-700x455.jpg 700w\" sizes=\"auto, (max-width: 840px) 100vw, 840px\" \/><\/a>\n\t\t\t<\/dt><\/dl><br style=\"clear: both\" \/>\n\t\t<\/div>\n\n<p>Per la prima volta in Spagna, in occasione della fiera, FBSprofilati ha presentato i sette nuovi colori della <a href=\"https:\/\/www.fbsprofilati.it\/it\/serrandine\/soft-collection\/\">Soft Collection<\/a>. Tali colori sono stati i protagonisti dello stand e hanno suscitato molto interesse nel pubblico spagnolo, portoghese e nordafricano. Lo stand, prevalentemente di palette scura, ha permesso la messa in evidenzia dei<strong> colori della linea di serrandine<\/strong> elegante e funzionale.<\/p>\n\n\t\t<style type=\"text\/css\">\n\t\t\t#gallery-2 {\n\t\t\t\tmargin: auto;\n\t\t\t}\n\t\t\t#gallery-2 .gallery-item {\n\t\t\t\tfloat: left;\n\t\t\t\tmargin-top: 10px;\n\t\t\t\ttext-align: center;\n\t\t\t\twidth: 50%;\n\t\t\t}\n\t\t\t#gallery-2 img {\n\t\t\t\tborder: 2px solid #cfcfcf;\n\t\t\t}\n\t\t\t#gallery-2 .gallery-caption {\n\t\t\t\tmargin-left: 0;\n\t\t\t}\n\t\t\t\/* see gallery_shortcode() in wp-includes\/media.php *\/\n\t\t<\/style>\n\t\t<div id='gallery-2' class='gallery galleryid-12350 gallery-columns-2 gallery-size-large'><dl class='gallery-item'>\n\t\t\t<dt class='gallery-icon landscape'>\n\t\t\t\t<a href='https:\/\/www.fbsprofilati.it\/it\/la-soft-collection-alla-fiera-maderalia-2022-a-valencia\/fbs-profilati-fiera-madelaria-2022\/'><img loading=\"lazy\" decoding=\"async\" width=\"840\" height=\"546\" src=\"https:\/\/www.fbsprofilati.it\/wp-content\/uploads\/fbs-profilati-fiera-madelaria-2022.jpg\" class=\"attachment-large size-large\" alt=\"fbs profilati fiera madelaria\" srcset=\"https:\/\/www.fbsprofilati.it\/wp-content\/uploads\/fbs-profilati-fiera-madelaria-2022.jpg 840w, https:\/\/www.fbsprofilati.it\/wp-content\/uploads\/fbs-profilati-fiera-madelaria-2022-300x195.jpg 300w, https:\/\/www.fbsprofilati.it\/wp-content\/uploads\/fbs-profilati-fiera-madelaria-2022-768x499.jpg 768w, https:\/\/www.fbsprofilati.it\/wp-content\/uploads\/fbs-profilati-fiera-madelaria-2022-400x260.jpg 400w, https:\/\/www.fbsprofilati.it\/wp-content\/uploads\/fbs-profilati-fiera-madelaria-2022-700x455.jpg 700w\" sizes=\"auto, (max-width: 840px) 100vw, 840px\" \/><\/a>\n\t\t\t<\/dt><\/dl><dl class='gallery-item'>\n\t\t\t<dt class='gallery-icon landscape'>\n\t\t\t\t<a href='https:\/\/www.fbsprofilati.it\/it\/la-soft-collection-alla-fiera-maderalia-2022-a-valencia\/fbs-profilati-stand\/'><img loading=\"lazy\" decoding=\"async\" width=\"840\" height=\"546\" src=\"https:\/\/www.fbsprofilati.it\/wp-content\/uploads\/fbs-profilati-stand.jpg\" class=\"attachment-large size-large\" alt=\"fbs profilati stand\" srcset=\"https:\/\/www.fbsprofilati.it\/wp-content\/uploads\/fbs-profilati-stand.jpg 840w, https:\/\/www.fbsprofilati.it\/wp-content\/uploads\/fbs-profilati-stand-300x195.jpg 300w, https:\/\/www.fbsprofilati.it\/wp-content\/uploads\/fbs-profilati-stand-768x499.jpg 768w, https:\/\/www.fbsprofilati.it\/wp-content\/uploads\/fbs-profilati-stand-400x260.jpg 400w, https:\/\/www.fbsprofilati.it\/wp-content\/uploads\/fbs-profilati-stand-700x455.jpg 700w\" sizes=\"auto, (max-width: 840px) 100vw, 840px\" \/><\/a>\n\t\t\t<\/dt><\/dl><br style=\"clear: both\" \/>\n\t\t<\/div>\n\n<p>&nbsp;<\/p>\n<p>Lo stand era leggermente illuminato da sei profili in alluminio porta led: FBSprofilati lo ha proposto in modo inusuale, cio\u00e8 quello di appenderlo per creare una forma simile a un cubo. Inoltre era presente una composizione di dieci mobili disposti in due file di dieci, di cui uno motorizzato e cinque con un doppio fondo formato da tappeti fissi che presentano la linea Soft Collection.<\/p>\n<p>Merita una menzione il bancone, figura cilindrica realizzata 100% in Fenix Nero Ingo con una rivisitazione dell\u2019uso della persiana orizzontale: questa volta due tappeti percorrevano l\u2019intero perimetro del bancone in modo speculare per permettere lo stoccaggio di materiale fieristico. Le persiane avevano lo stesso colore dei mobili: doghe di alluminio in colore antracite ricoperti da un grigio in Fenix.<\/p>\n\n\t\t<style type=\"text\/css\">\n\t\t\t#gallery-3 {\n\t\t\t\tmargin: auto;\n\t\t\t}\n\t\t\t#gallery-3 .gallery-item {\n\t\t\t\tfloat: left;\n\t\t\t\tmargin-top: 10px;\n\t\t\t\ttext-align: center;\n\t\t\t\twidth: 50%;\n\t\t\t}\n\t\t\t#gallery-3 img {\n\t\t\t\tborder: 2px solid #cfcfcf;\n\t\t\t}\n\t\t\t#gallery-3 .gallery-caption {\n\t\t\t\tmargin-left: 0;\n\t\t\t}\n\t\t\t\/* see gallery_shortcode() in wp-includes\/media.php *\/\n\t\t<\/style>\n\t\t<div id='gallery-3' class='gallery galleryid-12350 gallery-columns-2 gallery-size-large'><dl class='gallery-item'>\n\t\t\t<dt class='gallery-icon landscape'>\n\t\t\t\t<a href='https:\/\/www.fbsprofilati.it\/it\/la-soft-collection-alla-fiera-maderalia-2022-a-valencia\/fiera-madelaria-stand-fbs\/'><img loading=\"lazy\" decoding=\"async\" width=\"840\" height=\"546\" src=\"https:\/\/www.fbsprofilati.it\/wp-content\/uploads\/fiera-madelaria-stand-fbs.jpg\" class=\"attachment-large size-large\" alt=\"\" srcset=\"https:\/\/www.fbsprofilati.it\/wp-content\/uploads\/fiera-madelaria-stand-fbs.jpg 840w, https:\/\/www.fbsprofilati.it\/wp-content\/uploads\/fiera-madelaria-stand-fbs-300x195.jpg 300w, https:\/\/www.fbsprofilati.it\/wp-content\/uploads\/fiera-madelaria-stand-fbs-768x499.jpg 768w, https:\/\/www.fbsprofilati.it\/wp-content\/uploads\/fiera-madelaria-stand-fbs-400x260.jpg 400w, https:\/\/www.fbsprofilati.it\/wp-content\/uploads\/fiera-madelaria-stand-fbs-700x455.jpg 700w\" sizes=\"auto, (max-width: 840px) 100vw, 840px\" \/><\/a>\n\t\t\t<\/dt><\/dl><dl class='gallery-item'>\n\t\t\t<dt class='gallery-icon landscape'>\n\t\t\t\t<a href='https:\/\/www.fbsprofilati.it\/it\/la-soft-collection-alla-fiera-maderalia-2022-a-valencia\/fbs-profilati-staff-fiera\/'><img loading=\"lazy\" decoding=\"async\" width=\"840\" height=\"546\" src=\"https:\/\/www.fbsprofilati.it\/wp-content\/uploads\/fbs-profilati-staff-fiera.jpg\" class=\"attachment-large size-large\" alt=\"\" srcset=\"https:\/\/www.fbsprofilati.it\/wp-content\/uploads\/fbs-profilati-staff-fiera.jpg 840w, https:\/\/www.fbsprofilati.it\/wp-content\/uploads\/fbs-profilati-staff-fiera-300x195.jpg 300w, https:\/\/www.fbsprofilati.it\/wp-content\/uploads\/fbs-profilati-staff-fiera-768x499.jpg 768w, https:\/\/www.fbsprofilati.it\/wp-content\/uploads\/fbs-profilati-staff-fiera-400x260.jpg 400w, https:\/\/www.fbsprofilati.it\/wp-content\/uploads\/fbs-profilati-staff-fiera-700x455.jpg 700w\" sizes=\"auto, (max-width: 840px) 100vw, 840px\" \/><\/a>\n\t\t\t<\/dt><\/dl><br style=\"clear: both\" \/>\n\t\t<\/div>\n\n<p><strong>Nessun dettaglio \u00e8 stato lasciato al caso<\/strong>: questa \u00e8 la cifra di FBSprofilati che caratterizza le scelte aziendali e la rendono una fra le aziende leader nella produzione di accessori e componenti per l\u2019industria del mobile e vetrocamera.<br \/>\nAnche in questa manifestazione FBSprofilati ha portato in alto con successo la bandiera del <em>Made in Italy<\/em> nel mondo.<\/p>\n","protected":false},"excerpt":{"rendered":"<p>FBSprofilati ha preso parte a Maderalia, Fiera Internazionale dei Materiali, tecnologia e componenti per l&#8217;arredamento e progetti di interior design. Si tratta della trentanovesima edizione ed ha avuto luogo dal 29 marzo all&#8217;1 aprile 2022 a Valencia. Si pensava ad aspettativa di affluenza bassa, invece&#8230;<\/p>\n","protected":false},"author":6,"featured_media":12351,"comment_status":"open","ping_status":"open","sticky":false,"template":"","format":"standard","meta":{"footnotes":""},"categories":[9],"tags":[],"class_list":["post-12350","post","type-post","status-publish","format-standard","has-post-thumbnail","hentry","category-fiere"],"yoast_head":"<!-- This site is optimized with the Yoast SEO plugin v27.5 - https:\/\/yoast.com\/product\/yoast-seo-wordpress\/ -->\n<title>La Soft Collection alla Fiera Maderalia 2022 a Valencia - FBSprofilati<\/title>\n<meta name=\"robots\" content=\"index, follow, max-snippet:-1, max-image-preview:large, max-video-preview:-1\" \/>\n<link rel=\"canonical\" href=\"https:\/\/www.fbsprofilati.it\/it\/la-soft-collection-alla-fiera-maderalia-2022-a-valencia\/\" \/>\n<meta property=\"og:locale\" content=\"it_IT\" \/>\n<meta property=\"og:type\" content=\"article\" \/>\n<meta property=\"og:title\" content=\"La Soft Collection alla Fiera Maderalia 2022 a Valencia - FBSprofilati\" \/>\n<meta property=\"og:description\" content=\"FBSprofilati ha preso parte a Maderalia, Fiera Internazionale dei Materiali, tecnologia e componenti per l&#8217;arredamento e progetti di interior design. Si tratta della trentanovesima edizione ed ha avuto luogo dal 29 marzo all&#8217;1 aprile 2022 a Valencia. Si pensava ad aspettativa di affluenza bassa, invece...\" \/>\n<meta property=\"og:url\" content=\"https:\/\/www.fbsprofilati.it\/it\/la-soft-collection-alla-fiera-maderalia-2022-a-valencia\/\" \/>\n<meta property=\"og:site_name\" content=\"FBSprofilati\" \/>\n<meta property=\"article:publisher\" content=\"https:\/\/www.facebook.com\/FBSprofilati-srl-589930664398780\/\" \/>\n<meta property=\"article:published_time\" content=\"2022-04-19T09:28:04+00:00\" \/>\n<meta property=\"article:modified_time\" content=\"2023-04-03T10:19:38+00:00\" \/>\n<meta property=\"og:image\" content=\"https:\/\/www.fbsprofilati.it\/wp-content\/uploads\/fiera-madelaria-fbs-profilati.jpg\" \/>\n\t<meta property=\"og:image:width\" content=\"840\" \/>\n\t<meta property=\"og:image:height\" content=\"546\" \/>\n\t<meta property=\"og:image:type\" content=\"image\/jpeg\" \/>\n<meta name=\"author\" content=\"stefano\" \/>\n<meta name=\"twitter:card\" content=\"summary_large_image\" \/>\n<meta name=\"twitter:label1\" content=\"Scritto da\" \/>\n\t<meta name=\"twitter:data1\" content=\"stefano\" \/>\n\t<meta name=\"twitter:label2\" content=\"Tempo di lettura stimato\" \/>\n\t<meta name=\"twitter:data2\" content=\"2 minuti\" \/>\n<script type=\"application\/ld+json\" class=\"yoast-schema-graph\">{\"@context\":\"https:\\\/\\\/schema.org\",\"@graph\":[{\"@type\":\"Article\",\"@id\":\"https:\\\/\\\/www.fbsprofilati.it\\\/it\\\/la-soft-collection-alla-fiera-maderalia-2022-a-valencia\\\/#article\",\"isPartOf\":{\"@id\":\"https:\\\/\\\/www.fbsprofilati.it\\\/it\\\/la-soft-collection-alla-fiera-maderalia-2022-a-valencia\\\/\"},\"author\":{\"name\":\"stefano\",\"@id\":\"https:\\\/\\\/www.fbsprofilati.it\\\/#\\\/schema\\\/person\\\/84ae9562a202b0be2f770bcd426d1652\"},\"headline\":\"La Soft Collection alla Fiera Maderalia 2022 a Valencia\",\"datePublished\":\"2022-04-19T09:28:04+00:00\",\"dateModified\":\"2023-04-03T10:19:38+00:00\",\"mainEntityOfPage\":{\"@id\":\"https:\\\/\\\/www.fbsprofilati.it\\\/it\\\/la-soft-collection-alla-fiera-maderalia-2022-a-valencia\\\/\"},\"wordCount\":336,\"commentCount\":0,\"publisher\":{\"@id\":\"https:\\\/\\\/www.fbsprofilati.it\\\/#organization\"},\"image\":{\"@id\":\"https:\\\/\\\/www.fbsprofilati.it\\\/it\\\/la-soft-collection-alla-fiera-maderalia-2022-a-valencia\\\/#primaryimage\"},\"thumbnailUrl\":\"https:\\\/\\\/www.fbsprofilati.it\\\/wp-content\\\/uploads\\\/fiera-madelaria-fbs-profilati.jpg\",\"articleSection\":[\"Fiere\"],\"inLanguage\":\"it-IT\",\"potentialAction\":[{\"@type\":\"CommentAction\",\"name\":\"Comment\",\"target\":[\"https:\\\/\\\/www.fbsprofilati.it\\\/it\\\/la-soft-collection-alla-fiera-maderalia-2022-a-valencia\\\/#respond\"]}]},{\"@type\":\"WebPage\",\"@id\":\"https:\\\/\\\/www.fbsprofilati.it\\\/it\\\/la-soft-collection-alla-fiera-maderalia-2022-a-valencia\\\/\",\"url\":\"https:\\\/\\\/www.fbsprofilati.it\\\/it\\\/la-soft-collection-alla-fiera-maderalia-2022-a-valencia\\\/\",\"name\":\"La Soft Collection alla Fiera Maderalia 2022 a Valencia - FBSprofilati\",\"isPartOf\":{\"@id\":\"https:\\\/\\\/www.fbsprofilati.it\\\/#website\"},\"primaryImageOfPage\":{\"@id\":\"https:\\\/\\\/www.fbsprofilati.it\\\/it\\\/la-soft-collection-alla-fiera-maderalia-2022-a-valencia\\\/#primaryimage\"},\"image\":{\"@id\":\"https:\\\/\\\/www.fbsprofilati.it\\\/it\\\/la-soft-collection-alla-fiera-maderalia-2022-a-valencia\\\/#primaryimage\"},\"thumbnailUrl\":\"https:\\\/\\\/www.fbsprofilati.it\\\/wp-content\\\/uploads\\\/fiera-madelaria-fbs-profilati.jpg\",\"datePublished\":\"2022-04-19T09:28:04+00:00\",\"dateModified\":\"2023-04-03T10:19:38+00:00\",\"breadcrumb\":{\"@id\":\"https:\\\/\\\/www.fbsprofilati.it\\\/it\\\/la-soft-collection-alla-fiera-maderalia-2022-a-valencia\\\/#breadcrumb\"},\"inLanguage\":\"it-IT\",\"potentialAction\":[{\"@type\":\"ReadAction\",\"target\":[\"https:\\\/\\\/www.fbsprofilati.it\\\/it\\\/la-soft-collection-alla-fiera-maderalia-2022-a-valencia\\\/\"]}]},{\"@type\":\"ImageObject\",\"inLanguage\":\"it-IT\",\"@id\":\"https:\\\/\\\/www.fbsprofilati.it\\\/it\\\/la-soft-collection-alla-fiera-maderalia-2022-a-valencia\\\/#primaryimage\",\"url\":\"https:\\\/\\\/www.fbsprofilati.it\\\/wp-content\\\/uploads\\\/fiera-madelaria-fbs-profilati.jpg\",\"contentUrl\":\"https:\\\/\\\/www.fbsprofilati.it\\\/wp-content\\\/uploads\\\/fiera-madelaria-fbs-profilati.jpg\",\"width\":840,\"height\":546,\"caption\":\"fiera madelaria fbs profilati\"},{\"@type\":\"BreadcrumbList\",\"@id\":\"https:\\\/\\\/www.fbsprofilati.it\\\/it\\\/la-soft-collection-alla-fiera-maderalia-2022-a-valencia\\\/#breadcrumb\",\"itemListElement\":[{\"@type\":\"ListItem\",\"position\":1,\"name\":\"Home\",\"item\":\"https:\\\/\\\/www.fbsprofilati.it\\\/it\\\/\"},{\"@type\":\"ListItem\",\"position\":2,\"name\":\"La Soft Collection alla Fiera Maderalia 2022 a Valencia\"}]},{\"@type\":\"WebSite\",\"@id\":\"https:\\\/\\\/www.fbsprofilati.it\\\/#website\",\"url\":\"https:\\\/\\\/www.fbsprofilati.it\\\/\",\"name\":\"FBSprofilati\",\"description\":\"The Art of Forming\",\"publisher\":{\"@id\":\"https:\\\/\\\/www.fbsprofilati.it\\\/#organization\"},\"potentialAction\":[{\"@type\":\"SearchAction\",\"target\":{\"@type\":\"EntryPoint\",\"urlTemplate\":\"https:\\\/\\\/www.fbsprofilati.it\\\/?s={search_term_string}\"},\"query-input\":{\"@type\":\"PropertyValueSpecification\",\"valueRequired\":true,\"valueName\":\"search_term_string\"}}],\"inLanguage\":\"it-IT\"},{\"@type\":\"Organization\",\"@id\":\"https:\\\/\\\/www.fbsprofilati.it\\\/#organization\",\"name\":\"FBSprofilati\",\"url\":\"https:\\\/\\\/www.fbsprofilati.it\\\/\",\"logo\":{\"@type\":\"ImageObject\",\"inLanguage\":\"it-IT\",\"@id\":\"https:\\\/\\\/www.fbsprofilati.it\\\/#\\\/schema\\\/logo\\\/image\\\/\",\"url\":\"https:\\\/\\\/www.fbsprofilati.it\\\/wp-content\\\/uploads\\\/2021\\\/03\\\/FBS_logotype_favicon_300x300.jpg\",\"contentUrl\":\"https:\\\/\\\/www.fbsprofilati.it\\\/wp-content\\\/uploads\\\/2021\\\/03\\\/FBS_logotype_favicon_300x300.jpg\",\"width\":300,\"height\":300,\"caption\":\"FBSprofilati\"},\"image\":{\"@id\":\"https:\\\/\\\/www.fbsprofilati.it\\\/#\\\/schema\\\/logo\\\/image\\\/\"},\"sameAs\":[\"https:\\\/\\\/www.facebook.com\\\/FBSprofilati-srl-589930664398780\\\/\",\"https:\\\/\\\/www.instagram.com\\\/fbsprofilati\\\/\",\"https:\\\/\\\/www.pinterest.it\\\/fbsprofilati\\\/\"]},{\"@type\":\"Person\",\"@id\":\"https:\\\/\\\/www.fbsprofilati.it\\\/#\\\/schema\\\/person\\\/84ae9562a202b0be2f770bcd426d1652\",\"name\":\"stefano\",\"image\":{\"@type\":\"ImageObject\",\"inLanguage\":\"it-IT\",\"@id\":\"https:\\\/\\\/secure.gravatar.com\\\/avatar\\\/9858ae4fd0bfb4d80aba1e275c5f8c38845ddce8d93b8bfd7b2d4d0a43311399?s=96&d=mm&r=g\",\"url\":\"https:\\\/\\\/secure.gravatar.com\\\/avatar\\\/9858ae4fd0bfb4d80aba1e275c5f8c38845ddce8d93b8bfd7b2d4d0a43311399?s=96&d=mm&r=g\",\"contentUrl\":\"https:\\\/\\\/secure.gravatar.com\\\/avatar\\\/9858ae4fd0bfb4d80aba1e275c5f8c38845ddce8d93b8bfd7b2d4d0a43311399?s=96&d=mm&r=g\",\"caption\":\"stefano\"}}]}<\/script>\n<!-- \/ Yoast SEO plugin. -->","yoast_head_json":{"title":"La Soft Collection alla Fiera Maderalia 2022 a Valencia - FBSprofilati","robots":{"index":"index","follow":"follow","max-snippet":"max-snippet:-1","max-image-preview":"max-image-preview:large","max-video-preview":"max-video-preview:-1"},"canonical":"https:\/\/www.fbsprofilati.it\/it\/la-soft-collection-alla-fiera-maderalia-2022-a-valencia\/","og_locale":"it_IT","og_type":"article","og_title":"La Soft Collection alla Fiera Maderalia 2022 a Valencia - FBSprofilati","og_description":"FBSprofilati ha preso parte a Maderalia, Fiera Internazionale dei Materiali, tecnologia e componenti per l&#8217;arredamento e progetti di interior design. Si tratta della trentanovesima edizione ed ha avuto luogo dal 29 marzo all&#8217;1 aprile 2022 a Valencia. Si pensava ad aspettativa di affluenza bassa, invece...","og_url":"https:\/\/www.fbsprofilati.it\/it\/la-soft-collection-alla-fiera-maderalia-2022-a-valencia\/","og_site_name":"FBSprofilati","article_publisher":"https:\/\/www.facebook.com\/FBSprofilati-srl-589930664398780\/","article_published_time":"2022-04-19T09:28:04+00:00","article_modified_time":"2023-04-03T10:19:38+00:00","og_image":[{"width":840,"height":546,"url":"https:\/\/www.fbsprofilati.it\/wp-content\/uploads\/fiera-madelaria-fbs-profilati.jpg","type":"image\/jpeg"}],"author":"stefano","twitter_card":"summary_large_image","twitter_misc":{"Scritto da":"stefano","Tempo di lettura stimato":"2 minuti"},"schema":{"@context":"https:\/\/schema.org","@graph":[{"@type":"Article","@id":"https:\/\/www.fbsprofilati.it\/it\/la-soft-collection-alla-fiera-maderalia-2022-a-valencia\/#article","isPartOf":{"@id":"https:\/\/www.fbsprofilati.it\/it\/la-soft-collection-alla-fiera-maderalia-2022-a-valencia\/"},"author":{"name":"stefano","@id":"https:\/\/www.fbsprofilati.it\/#\/schema\/person\/84ae9562a202b0be2f770bcd426d1652"},"headline":"La Soft Collection alla Fiera Maderalia 2022 a Valencia","datePublished":"2022-04-19T09:28:04+00:00","dateModified":"2023-04-03T10:19:38+00:00","mainEntityOfPage":{"@id":"https:\/\/www.fbsprofilati.it\/it\/la-soft-collection-alla-fiera-maderalia-2022-a-valencia\/"},"wordCount":336,"commentCount":0,"publisher":{"@id":"https:\/\/www.fbsprofilati.it\/#organization"},"image":{"@id":"https:\/\/www.fbsprofilati.it\/it\/la-soft-collection-alla-fiera-maderalia-2022-a-valencia\/#primaryimage"},"thumbnailUrl":"https:\/\/www.fbsprofilati.it\/wp-content\/uploads\/fiera-madelaria-fbs-profilati.jpg","articleSection":["Fiere"],"inLanguage":"it-IT","potentialAction":[{"@type":"CommentAction","name":"Comment","target":["https:\/\/www.fbsprofilati.it\/it\/la-soft-collection-alla-fiera-maderalia-2022-a-valencia\/#respond"]}]},{"@type":"WebPage","@id":"https:\/\/www.fbsprofilati.it\/it\/la-soft-collection-alla-fiera-maderalia-2022-a-valencia\/","url":"https:\/\/www.fbsprofilati.it\/it\/la-soft-collection-alla-fiera-maderalia-2022-a-valencia\/","name":"La Soft Collection alla Fiera Maderalia 2022 a Valencia - FBSprofilati","isPartOf":{"@id":"https:\/\/www.fbsprofilati.it\/#website"},"primaryImageOfPage":{"@id":"https:\/\/www.fbsprofilati.it\/it\/la-soft-collection-alla-fiera-maderalia-2022-a-valencia\/#primaryimage"},"image":{"@id":"https:\/\/www.fbsprofilati.it\/it\/la-soft-collection-alla-fiera-maderalia-2022-a-valencia\/#primaryimage"},"thumbnailUrl":"https:\/\/www.fbsprofilati.it\/wp-content\/uploads\/fiera-madelaria-fbs-profilati.jpg","datePublished":"2022-04-19T09:28:04+00:00","dateModified":"2023-04-03T10:19:38+00:00","breadcrumb":{"@id":"https:\/\/www.fbsprofilati.it\/it\/la-soft-collection-alla-fiera-maderalia-2022-a-valencia\/#breadcrumb"},"inLanguage":"it-IT","potentialAction":[{"@type":"ReadAction","target":["https:\/\/www.fbsprofilati.it\/it\/la-soft-collection-alla-fiera-maderalia-2022-a-valencia\/"]}]},{"@type":"ImageObject","inLanguage":"it-IT","@id":"https:\/\/www.fbsprofilati.it\/it\/la-soft-collection-alla-fiera-maderalia-2022-a-valencia\/#primaryimage","url":"https:\/\/www.fbsprofilati.it\/wp-content\/uploads\/fiera-madelaria-fbs-profilati.jpg","contentUrl":"https:\/\/www.fbsprofilati.it\/wp-content\/uploads\/fiera-madelaria-fbs-profilati.jpg","width":840,"height":546,"caption":"fiera madelaria fbs profilati"},{"@type":"BreadcrumbList","@id":"https:\/\/www.fbsprofilati.it\/it\/la-soft-collection-alla-fiera-maderalia-2022-a-valencia\/#breadcrumb","itemListElement":[{"@type":"ListItem","position":1,"name":"Home","item":"https:\/\/www.fbsprofilati.it\/it\/"},{"@type":"ListItem","position":2,"name":"La Soft Collection alla Fiera Maderalia 2022 a Valencia"}]},{"@type":"WebSite","@id":"https:\/\/www.fbsprofilati.it\/#website","url":"https:\/\/www.fbsprofilati.it\/","name":"FBSprofilati","description":"The Art of Forming","publisher":{"@id":"https:\/\/www.fbsprofilati.it\/#organization"},"potentialAction":[{"@type":"SearchAction","target":{"@type":"EntryPoint","urlTemplate":"https:\/\/www.fbsprofilati.it\/?s={search_term_string}"},"query-input":{"@type":"PropertyValueSpecification","valueRequired":true,"valueName":"search_term_string"}}],"inLanguage":"it-IT"},{"@type":"Organization","@id":"https:\/\/www.fbsprofilati.it\/#organization","name":"FBSprofilati","url":"https:\/\/www.fbsprofilati.it\/","logo":{"@type":"ImageObject","inLanguage":"it-IT","@id":"https:\/\/www.fbsprofilati.it\/#\/schema\/logo\/image\/","url":"https:\/\/www.fbsprofilati.it\/wp-content\/uploads\/2021\/03\/FBS_logotype_favicon_300x300.jpg","contentUrl":"https:\/\/www.fbsprofilati.it\/wp-content\/uploads\/2021\/03\/FBS_logotype_favicon_300x300.jpg","width":300,"height":300,"caption":"FBSprofilati"},"image":{"@id":"https:\/\/www.fbsprofilati.it\/#\/schema\/logo\/image\/"},"sameAs":["https:\/\/www.facebook.com\/FBSprofilati-srl-589930664398780\/","https:\/\/www.instagram.com\/fbsprofilati\/","https:\/\/www.pinterest.it\/fbsprofilati\/"]},{"@type":"Person","@id":"https:\/\/www.fbsprofilati.it\/#\/schema\/person\/84ae9562a202b0be2f770bcd426d1652","name":"stefano","image":{"@type":"ImageObject","inLanguage":"it-IT","@id":"https:\/\/secure.gravatar.com\/avatar\/9858ae4fd0bfb4d80aba1e275c5f8c38845ddce8d93b8bfd7b2d4d0a43311399?s=96&d=mm&r=g","url":"https:\/\/secure.gravatar.com\/avatar\/9858ae4fd0bfb4d80aba1e275c5f8c38845ddce8d93b8bfd7b2d4d0a43311399?s=96&d=mm&r=g","contentUrl":"https:\/\/secure.gravatar.com\/avatar\/9858ae4fd0bfb4d80aba1e275c5f8c38845ddce8d93b8bfd7b2d4d0a43311399?s=96&d=mm&r=g","caption":"stefano"}}]}},"_links":{"self":[{"href":"https:\/\/www.fbsprofilati.it\/it\/wp-json\/wp\/v2\/posts\/12350","targetHints":{"allow":["GET"]}}],"collection":[{"href":"https:\/\/www.fbsprofilati.it\/it\/wp-json\/wp\/v2\/posts"}],"about":[{"href":"https:\/\/www.fbsprofilati.it\/it\/wp-json\/wp\/v2\/types\/post"}],"author":[{"embeddable":true,"href":"https:\/\/www.fbsprofilati.it\/it\/wp-json\/wp\/v2\/users\/6"}],"replies":[{"embeddable":true,"href":"https:\/\/www.fbsprofilati.it\/it\/wp-json\/wp\/v2\/comments?post=12350"}],"version-history":[{"count":0,"href":"https:\/\/www.fbsprofilati.it\/it\/wp-json\/wp\/v2\/posts\/12350\/revisions"}],"wp:featuredmedia":[{"embeddable":true,"href":"https:\/\/www.fbsprofilati.it\/it\/wp-json\/wp\/v2\/media\/12351"}],"wp:attachment":[{"href":"https:\/\/www.fbsprofilati.it\/it\/wp-json\/wp\/v2\/media?parent=12350"}],"wp:term":[{"taxonomy":"category","embeddable":true,"href":"https:\/\/www.fbsprofilati.it\/it\/wp-json\/wp\/v2\/categories?post=12350"},{"taxonomy":"post_tag","embeddable":true,"href":"https:\/\/www.fbsprofilati.it\/it\/wp-json\/wp\/v2\/tags?post=12350"}],"curies":[{"name":"wp","href":"https:\/\/api.w.org\/{rel}","templated":true}]}}