{"id":14555,"date":"2024-05-10T10:16:49","date_gmt":"2024-05-10T08:16:49","guid":{"rendered":"https:\/\/www.fbsprofilati.it\/?p=14555"},"modified":"2024-09-16T13:25:40","modified_gmt":"2024-09-16T11:25:40","slug":"fbsprofilati-auf-der-messe-interzum-vom-9-bis-12-5","status":"publish","type":"post","link":"https:\/\/www.fbsprofilati.it\/de\/fbsprofilati-auf-der-messe-interzum-vom-9-bis-12-5\/","title":{"rendered":"FBSprofilati auf der Messe INTERZUM vom 9 bis 12\/5"},"content":{"rendered":"<div style=\"text-align: center; padding: 0% 20%;\"><img loading=\"lazy\" decoding=\"async\" class=\"alignnone size-full wp-image-14018\" src=\"https:\/\/fbsprofilati.it\/wp-content\/uploads\/interzum.jpg\" alt=\"interzum 2023\" width=\"1200\" height=\"280\" srcset=\"https:\/\/www.fbsprofilati.it\/wp-content\/uploads\/interzum.jpg 1200w, https:\/\/www.fbsprofilati.it\/wp-content\/uploads\/interzum-300x70.jpg 300w, https:\/\/www.fbsprofilati.it\/wp-content\/uploads\/interzum-1024x239.jpg 1024w, https:\/\/www.fbsprofilati.it\/wp-content\/uploads\/interzum-768x179.jpg 768w, https:\/\/www.fbsprofilati.it\/wp-content\/uploads\/interzum-700x163.jpg 700w\" sizes=\"auto, (max-width: 1200px) 100vw, 1200px\" \/><br \/>\nWir freuen uns darauf, Sie auf der Interzum-Messe zu sehen, einer Weltleitmesse f\u00fcr M\u00f6belzulieferer und die Innenarchitekturbranche. Die Veranstaltung findet <strong>vom 9. bis zum 12. Mai in K\u00f6ln auf der K\u00f6lnmesse<\/strong> statt.<br \/>\nDies ist ein internationaler Treffpunkt, auf dem die neuesten Materialien und Trends f\u00fcr die Gestaltung von Lebens- und Arbeitsumgebungen von morgen pr\u00e4sentiert werden.<br \/>\nSie finden uns <strong>am Stand A011 HALL 8<\/strong>, wo wir unsere Vorschl\u00e4ge pr\u00e4sentieren,<\/div>\n<div style=\"text-align: center; padding: 0% 20%;\">die perfekt in das Home Interior passen und in einer breiten Palette von Farben erh\u00e4ltlich sind.<br \/>\nDie Ausstellung gibt uns die Gelegenheit, die Kollektion von <strong>Rolladen f\u00fcr M\u00f6bel<\/strong> <a href=\"https:\/\/fbsprofilati.it\/de\/rolllaeden\/\" target=\"_blank\" rel=\"noopener\">Aluroll<\/a>, <strong>Schubladenabdeckungen<\/strong> <a href=\"https:\/\/fbsprofilati.it\/de\/schubladenblenden\/\" target=\"_blank\" rel=\"noopener\">Decover<\/a>, <strong>LED-Profile<\/strong> <a href=\"https:\/\/fbsprofilati.it\/de\/led-profile\/\" target=\"_blank\" rel=\"noopener\">Windlight<\/a> und <strong>metallische Eins\u00e4tze f\u00fcr Oberfl\u00e4chen<\/strong> <a href=\"https:\/\/fbsprofilati.it\/de\/dekoreinsaetze\/\" target=\"_blank\" rel=\"noopener\">Alumix<\/a> zu pr\u00e4sentieren.<br \/>\nSie m\u00f6chten einen Termin mit unseren Mitarbeitern vereinbaren?<br \/>\nF\u00fcllen Sie das Formular aus.<br \/>\n\n<div class=\"wpcf7 no-js\" id=\"wpcf7-f13941-o1\" lang=\"it-IT\" dir=\"ltr\" data-wpcf7-id=\"13941\">\n<div class=\"screen-reader-response\"><p role=\"status\" aria-live=\"polite\" aria-atomic=\"true\"><\/p> <ul><\/ul><\/div>\n<form action=\"\/de\/wp-json\/wp\/v2\/posts\/14555#wpcf7-f13941-o1\" method=\"post\" class=\"wpcf7-form init\" aria-label=\"Modulo di contatto\" novalidate=\"novalidate\" data-status=\"init\">\n<fieldset class=\"hidden-fields-container\"><input type=\"hidden\" name=\"_wpcf7\" value=\"13941\" \/><input type=\"hidden\" name=\"_wpcf7_version\" value=\"6.1.5\" \/><input type=\"hidden\" name=\"_wpcf7_locale\" value=\"it_IT\" \/><input type=\"hidden\" name=\"_wpcf7_unit_tag\" value=\"wpcf7-f13941-o1\" \/><input type=\"hidden\" name=\"_wpcf7_container_post\" value=\"0\" \/><input type=\"hidden\" name=\"_wpcf7_posted_data_hash\" value=\"\" \/><input type=\"hidden\" name=\"_wpcf7_recaptcha_response\" value=\"\" \/>\n<\/fieldset>\n<p><label><span class=\"wpcf7-form-control-wrap\" data-name=\"Nome\"><input size=\"40\" maxlength=\"400\" class=\"wpcf7-form-control wpcf7-text wpcf7-validates-as-required form-fiere\" aria-required=\"true\" aria-invalid=\"false\" placeholder=\"First Name*\" value=\"\" type=\"text\" name=\"Nome\" \/><\/span><\/label>\n<\/p>\n<p><label><span class=\"wpcf7-form-control-wrap\" data-name=\"Azienda\"><input size=\"40\" maxlength=\"400\" class=\"wpcf7-form-control wpcf7-text form-fiere\" aria-invalid=\"false\" placeholder=\"Company\" value=\"\" type=\"text\" name=\"Azienda\" \/><\/span><\/label>\n<\/p>\n<p><label><span class=\"wpcf7-form-control-wrap\" data-name=\"Email\"><input size=\"40\" maxlength=\"400\" class=\"wpcf7-form-control wpcf7-email wpcf7-validates-as-required wpcf7-text wpcf7-validates-as-email form-fiere\" aria-required=\"true\" aria-invalid=\"false\" placeholder=\"Email*\" value=\"\" type=\"email\" name=\"Email\" \/><\/span> <\/label>\n<\/p>\n<p><label><span class=\"wpcf7-form-control-wrap\" data-name=\"tel-366\"><input size=\"40\" maxlength=\"400\" class=\"wpcf7-form-control wpcf7-tel wpcf7-text wpcf7-validates-as-tel form-fiere\" aria-invalid=\"false\" placeholder=\"Phone*\" value=\"\" type=\"tel\" name=\"tel-366\" \/><\/span><\/label>\n<\/p>\n<p><label><span class=\"wpcf7-form-control-wrap\" data-name=\"menu-697\"><select class=\"wpcf7-form-control wpcf7-select wpcf7-validates-as-required interesse\" aria-required=\"true\" aria-invalid=\"false\" name=\"menu-697\"><option value=\"\">Choose the field of interest*<\/option><option value=\"ALUROLL Tambour doors kits\">ALUROLL Tambour doors kits<\/option><option value=\"DECOVER Drawer covers\">DECOVER Drawer covers<\/option><option value=\"WINDLIGHT Led profiles\">WINDLIGHT Led profiles<\/option><option value=\"ALUGLASS Double-glazing profiles\">ALUGLASS Double-glazing profiles<\/option><option value=\"ALUMIX Decorative inserts\">ALUMIX Decorative inserts<\/option><option value=\"Other\">Other<\/option><\/select><\/span><\/label>\n<\/p>\n<p><label><span class=\"wpcf7-form-control-wrap\" data-name=\"Messaggio\"><textarea cols=\"40\" rows=\"4\" maxlength=\"2000\" class=\"wpcf7-form-control wpcf7-textarea form-fiere\" aria-invalid=\"false\" placeholder=\"Write your preferred date and time\" name=\"Messaggio\"><\/textarea><\/span><\/label>\n<\/p>\n<p><strong>Terms and conditions<\/strong><span style=\"font-size: 13px; color: #b25252;\">(required field)<\/span><br \/>\n<span class=\"wpcf7-form-control-wrap\" data-name=\"accettazione-gdpr\"><span class=\"wpcf7-form-control wpcf7-acceptance\"><span class=\"wpcf7-list-item\"><label><input type=\"checkbox\" name=\"accettazione-gdpr\" value=\"1\" aria-invalid=\"false\" \/><span class=\"wpcf7-list-item-label\">I read the <a href=\"https:\/\/www.fbsprofilati.it\/privacy-policy\/\" target=\"_blank\" rel=\"nofollow noopener\">privacy policy<\/a> and agree to save my data in your archive with the purpose of being recontacted, as determined by the european regulation for personal data protection n. 679\/2016, GDPR.<\/span><\/label><\/span><\/span><\/span><span style=\"font-size: 13px;\">(You can delete them or ask for a copy by sending an esplicit request to info@fbsprofilati.it)<\/span>\n<\/p>\n<p><input class=\"wpcf7-form-control wpcf7-submit has-spinner\" type=\"submit\" value=\"Contact us\" \/>\n<\/p><div class=\"wpcf7-response-output\" aria-hidden=\"true\"><\/div>\n<\/form>\n<\/div>\n<\/div>\n","protected":false},"excerpt":{"rendered":"<p>Wir freuen uns darauf, Sie auf der Interzum-Messe zu sehen, einer Weltleitmesse f\u00fcr M\u00f6belzulieferer und die Innenarchitekturbranche. Die Veranstaltung findet vom 9. bis zum 12. Mai in K\u00f6ln auf der K\u00f6lnmesse statt. Dies ist ein internationaler Treffpunkt, auf dem die neuesten Materialien und Trends f\u00fcr&#8230;<\/p>\n","protected":false},"author":6,"featured_media":14018,"comment_status":"open","ping_status":"open","sticky":false,"template":"","format":"standard","meta":{"footnotes":""},"categories":[172],"tags":[],"class_list":["post-14555","post","type-post","status-publish","format-standard","has-post-thumbnail","hentry","category-messe"],"yoast_head":"<!-- This site is optimized with the Yoast SEO plugin v27.4 - https:\/\/yoast.com\/product\/yoast-seo-wordpress\/ -->\n<title>FBSprofilati auf der Messe INTERZUM vom 9 bis 12\/5 - FBSprofilati<\/title>\n<meta name=\"robots\" content=\"index, follow, max-snippet:-1, max-image-preview:large, max-video-preview:-1\" \/>\n<link rel=\"canonical\" href=\"https:\/\/www.fbsprofilati.it\/de\/fbsprofilati-auf-der-messe-interzum-vom-9-bis-12-5\/\" \/>\n<meta property=\"og:locale\" content=\"de_DE\" \/>\n<meta property=\"og:type\" content=\"article\" \/>\n<meta property=\"og:title\" content=\"FBSprofilati auf der Messe INTERZUM vom 9 bis 12\/5 - FBSprofilati\" \/>\n<meta property=\"og:description\" content=\"Wir freuen uns darauf, Sie auf der Interzum-Messe zu sehen, einer Weltleitmesse f\u00fcr M\u00f6belzulieferer und die Innenarchitekturbranche. Die Veranstaltung findet vom 9. bis zum 12. Mai in K\u00f6ln auf der K\u00f6lnmesse statt. Dies ist ein internationaler Treffpunkt, auf dem die neuesten Materialien und Trends f\u00fcr...\" \/>\n<meta property=\"og:url\" content=\"https:\/\/www.fbsprofilati.it\/de\/fbsprofilati-auf-der-messe-interzum-vom-9-bis-12-5\/\" \/>\n<meta property=\"og:site_name\" content=\"FBSprofilati\" \/>\n<meta property=\"article:publisher\" content=\"https:\/\/www.facebook.com\/FBSprofilati-srl-589930664398780\/\" \/>\n<meta property=\"article:published_time\" content=\"2024-05-10T08:16:49+00:00\" \/>\n<meta property=\"article:modified_time\" content=\"2024-09-16T11:25:40+00:00\" \/>\n<meta property=\"og:image\" content=\"https:\/\/www.fbsprofilati.it\/wp-content\/uploads\/interzum.jpg\" \/>\n\t<meta property=\"og:image:width\" content=\"1200\" \/>\n\t<meta property=\"og:image:height\" content=\"280\" \/>\n\t<meta property=\"og:image:type\" content=\"image\/jpeg\" \/>\n<meta name=\"author\" content=\"stefano\" \/>\n<meta name=\"twitter:card\" content=\"summary_large_image\" \/>\n<meta name=\"twitter:label1\" content=\"Verfasst von\" \/>\n\t<meta name=\"twitter:data1\" content=\"stefano\" \/>\n\t<meta name=\"twitter:label2\" content=\"Gesch\u00e4tzte Lesezeit\" \/>\n\t<meta name=\"twitter:data2\" content=\"2\u00a0Minuten\" \/>\n<script type=\"application\/ld+json\" class=\"yoast-schema-graph\">{\"@context\":\"https:\\\/\\\/schema.org\",\"@graph\":[{\"@type\":\"Article\",\"@id\":\"https:\\\/\\\/www.fbsprofilati.it\\\/de\\\/fbsprofilati-auf-der-messe-interzum-vom-9-bis-12-5\\\/#article\",\"isPartOf\":{\"@id\":\"https:\\\/\\\/www.fbsprofilati.it\\\/de\\\/fbsprofilati-auf-der-messe-interzum-vom-9-bis-12-5\\\/\"},\"author\":{\"name\":\"stefano\",\"@id\":\"https:\\\/\\\/www.fbsprofilati.it\\\/#\\\/schema\\\/person\\\/84ae9562a202b0be2f770bcd426d1652\"},\"headline\":\"FBSprofilati auf der Messe INTERZUM vom 9 bis 12\\\/5\",\"datePublished\":\"2024-05-10T08:16:49+00:00\",\"dateModified\":\"2024-09-16T11:25:40+00:00\",\"mainEntityOfPage\":{\"@id\":\"https:\\\/\\\/www.fbsprofilati.it\\\/de\\\/fbsprofilati-auf-der-messe-interzum-vom-9-bis-12-5\\\/\"},\"wordCount\":150,\"commentCount\":0,\"publisher\":{\"@id\":\"https:\\\/\\\/www.fbsprofilati.it\\\/#organization\"},\"image\":{\"@id\":\"https:\\\/\\\/www.fbsprofilati.it\\\/de\\\/fbsprofilati-auf-der-messe-interzum-vom-9-bis-12-5\\\/#primaryimage\"},\"thumbnailUrl\":\"https:\\\/\\\/www.fbsprofilati.it\\\/wp-content\\\/uploads\\\/interzum.jpg\",\"articleSection\":[\"Messe\"],\"inLanguage\":\"de\",\"potentialAction\":[{\"@type\":\"CommentAction\",\"name\":\"Comment\",\"target\":[\"https:\\\/\\\/www.fbsprofilati.it\\\/de\\\/fbsprofilati-auf-der-messe-interzum-vom-9-bis-12-5\\\/#respond\"]}]},{\"@type\":\"WebPage\",\"@id\":\"https:\\\/\\\/www.fbsprofilati.it\\\/de\\\/fbsprofilati-auf-der-messe-interzum-vom-9-bis-12-5\\\/\",\"url\":\"https:\\\/\\\/www.fbsprofilati.it\\\/de\\\/fbsprofilati-auf-der-messe-interzum-vom-9-bis-12-5\\\/\",\"name\":\"FBSprofilati auf der Messe INTERZUM vom 9 bis 12\\\/5 - FBSprofilati\",\"isPartOf\":{\"@id\":\"https:\\\/\\\/www.fbsprofilati.it\\\/#website\"},\"primaryImageOfPage\":{\"@id\":\"https:\\\/\\\/www.fbsprofilati.it\\\/de\\\/fbsprofilati-auf-der-messe-interzum-vom-9-bis-12-5\\\/#primaryimage\"},\"image\":{\"@id\":\"https:\\\/\\\/www.fbsprofilati.it\\\/de\\\/fbsprofilati-auf-der-messe-interzum-vom-9-bis-12-5\\\/#primaryimage\"},\"thumbnailUrl\":\"https:\\\/\\\/www.fbsprofilati.it\\\/wp-content\\\/uploads\\\/interzum.jpg\",\"datePublished\":\"2024-05-10T08:16:49+00:00\",\"dateModified\":\"2024-09-16T11:25:40+00:00\",\"breadcrumb\":{\"@id\":\"https:\\\/\\\/www.fbsprofilati.it\\\/de\\\/fbsprofilati-auf-der-messe-interzum-vom-9-bis-12-5\\\/#breadcrumb\"},\"inLanguage\":\"de\",\"potentialAction\":[{\"@type\":\"ReadAction\",\"target\":[\"https:\\\/\\\/www.fbsprofilati.it\\\/de\\\/fbsprofilati-auf-der-messe-interzum-vom-9-bis-12-5\\\/\"]}]},{\"@type\":\"ImageObject\",\"inLanguage\":\"de\",\"@id\":\"https:\\\/\\\/www.fbsprofilati.it\\\/de\\\/fbsprofilati-auf-der-messe-interzum-vom-9-bis-12-5\\\/#primaryimage\",\"url\":\"https:\\\/\\\/www.fbsprofilati.it\\\/wp-content\\\/uploads\\\/interzum.jpg\",\"contentUrl\":\"https:\\\/\\\/www.fbsprofilati.it\\\/wp-content\\\/uploads\\\/interzum.jpg\",\"width\":1200,\"height\":280,\"caption\":\"interzum 2023\"},{\"@type\":\"BreadcrumbList\",\"@id\":\"https:\\\/\\\/www.fbsprofilati.it\\\/de\\\/fbsprofilati-auf-der-messe-interzum-vom-9-bis-12-5\\\/#breadcrumb\",\"itemListElement\":[{\"@type\":\"ListItem\",\"position\":1,\"name\":\"Home\",\"item\":\"https:\\\/\\\/www.fbsprofilati.it\\\/de\\\/\"},{\"@type\":\"ListItem\",\"position\":2,\"name\":\"FBSprofilati auf der Messe INTERZUM vom 9 bis 12\\\/5\"}]},{\"@type\":\"WebSite\",\"@id\":\"https:\\\/\\\/www.fbsprofilati.it\\\/#website\",\"url\":\"https:\\\/\\\/www.fbsprofilati.it\\\/\",\"name\":\"FBSprofilati\",\"description\":\"The Art of Forming\",\"publisher\":{\"@id\":\"https:\\\/\\\/www.fbsprofilati.it\\\/#organization\"},\"potentialAction\":[{\"@type\":\"SearchAction\",\"target\":{\"@type\":\"EntryPoint\",\"urlTemplate\":\"https:\\\/\\\/www.fbsprofilati.it\\\/?s={search_term_string}\"},\"query-input\":{\"@type\":\"PropertyValueSpecification\",\"valueRequired\":true,\"valueName\":\"search_term_string\"}}],\"inLanguage\":\"de\"},{\"@type\":\"Organization\",\"@id\":\"https:\\\/\\\/www.fbsprofilati.it\\\/#organization\",\"name\":\"FBSprofilati\",\"url\":\"https:\\\/\\\/www.fbsprofilati.it\\\/\",\"logo\":{\"@type\":\"ImageObject\",\"inLanguage\":\"de\",\"@id\":\"https:\\\/\\\/www.fbsprofilati.it\\\/#\\\/schema\\\/logo\\\/image\\\/\",\"url\":\"https:\\\/\\\/www.fbsprofilati.it\\\/wp-content\\\/uploads\\\/2021\\\/03\\\/FBS_logotype_favicon_300x300.jpg\",\"contentUrl\":\"https:\\\/\\\/www.fbsprofilati.it\\\/wp-content\\\/uploads\\\/2021\\\/03\\\/FBS_logotype_favicon_300x300.jpg\",\"width\":300,\"height\":300,\"caption\":\"FBSprofilati\"},\"image\":{\"@id\":\"https:\\\/\\\/www.fbsprofilati.it\\\/#\\\/schema\\\/logo\\\/image\\\/\"},\"sameAs\":[\"https:\\\/\\\/www.facebook.com\\\/FBSprofilati-srl-589930664398780\\\/\",\"https:\\\/\\\/www.instagram.com\\\/fbsprofilati\\\/\",\"https:\\\/\\\/www.pinterest.it\\\/fbsprofilati\\\/\"]},{\"@type\":\"Person\",\"@id\":\"https:\\\/\\\/www.fbsprofilati.it\\\/#\\\/schema\\\/person\\\/84ae9562a202b0be2f770bcd426d1652\",\"name\":\"stefano\",\"image\":{\"@type\":\"ImageObject\",\"inLanguage\":\"de\",\"@id\":\"https:\\\/\\\/secure.gravatar.com\\\/avatar\\\/9858ae4fd0bfb4d80aba1e275c5f8c38845ddce8d93b8bfd7b2d4d0a43311399?s=96&d=mm&r=g\",\"url\":\"https:\\\/\\\/secure.gravatar.com\\\/avatar\\\/9858ae4fd0bfb4d80aba1e275c5f8c38845ddce8d93b8bfd7b2d4d0a43311399?s=96&d=mm&r=g\",\"contentUrl\":\"https:\\\/\\\/secure.gravatar.com\\\/avatar\\\/9858ae4fd0bfb4d80aba1e275c5f8c38845ddce8d93b8bfd7b2d4d0a43311399?s=96&d=mm&r=g\",\"caption\":\"stefano\"}}]}<\/script>\n<!-- \/ Yoast SEO plugin. -->","yoast_head_json":{"title":"FBSprofilati auf der Messe INTERZUM vom 9 bis 12\/5 - FBSprofilati","robots":{"index":"index","follow":"follow","max-snippet":"max-snippet:-1","max-image-preview":"max-image-preview:large","max-video-preview":"max-video-preview:-1"},"canonical":"https:\/\/www.fbsprofilati.it\/de\/fbsprofilati-auf-der-messe-interzum-vom-9-bis-12-5\/","og_locale":"de_DE","og_type":"article","og_title":"FBSprofilati auf der Messe INTERZUM vom 9 bis 12\/5 - FBSprofilati","og_description":"Wir freuen uns darauf, Sie auf der Interzum-Messe zu sehen, einer Weltleitmesse f\u00fcr M\u00f6belzulieferer und die Innenarchitekturbranche. Die Veranstaltung findet vom 9. bis zum 12. Mai in K\u00f6ln auf der K\u00f6lnmesse statt. Dies ist ein internationaler Treffpunkt, auf dem die neuesten Materialien und Trends f\u00fcr...","og_url":"https:\/\/www.fbsprofilati.it\/de\/fbsprofilati-auf-der-messe-interzum-vom-9-bis-12-5\/","og_site_name":"FBSprofilati","article_publisher":"https:\/\/www.facebook.com\/FBSprofilati-srl-589930664398780\/","article_published_time":"2024-05-10T08:16:49+00:00","article_modified_time":"2024-09-16T11:25:40+00:00","og_image":[{"width":1200,"height":280,"url":"https:\/\/www.fbsprofilati.it\/wp-content\/uploads\/interzum.jpg","type":"image\/jpeg"}],"author":"stefano","twitter_card":"summary_large_image","twitter_misc":{"Verfasst von":"stefano","Gesch\u00e4tzte Lesezeit":"2\u00a0Minuten"},"schema":{"@context":"https:\/\/schema.org","@graph":[{"@type":"Article","@id":"https:\/\/www.fbsprofilati.it\/de\/fbsprofilati-auf-der-messe-interzum-vom-9-bis-12-5\/#article","isPartOf":{"@id":"https:\/\/www.fbsprofilati.it\/de\/fbsprofilati-auf-der-messe-interzum-vom-9-bis-12-5\/"},"author":{"name":"stefano","@id":"https:\/\/www.fbsprofilati.it\/#\/schema\/person\/84ae9562a202b0be2f770bcd426d1652"},"headline":"FBSprofilati auf der Messe INTERZUM vom 9 bis 12\/5","datePublished":"2024-05-10T08:16:49+00:00","dateModified":"2024-09-16T11:25:40+00:00","mainEntityOfPage":{"@id":"https:\/\/www.fbsprofilati.it\/de\/fbsprofilati-auf-der-messe-interzum-vom-9-bis-12-5\/"},"wordCount":150,"commentCount":0,"publisher":{"@id":"https:\/\/www.fbsprofilati.it\/#organization"},"image":{"@id":"https:\/\/www.fbsprofilati.it\/de\/fbsprofilati-auf-der-messe-interzum-vom-9-bis-12-5\/#primaryimage"},"thumbnailUrl":"https:\/\/www.fbsprofilati.it\/wp-content\/uploads\/interzum.jpg","articleSection":["Messe"],"inLanguage":"de","potentialAction":[{"@type":"CommentAction","name":"Comment","target":["https:\/\/www.fbsprofilati.it\/de\/fbsprofilati-auf-der-messe-interzum-vom-9-bis-12-5\/#respond"]}]},{"@type":"WebPage","@id":"https:\/\/www.fbsprofilati.it\/de\/fbsprofilati-auf-der-messe-interzum-vom-9-bis-12-5\/","url":"https:\/\/www.fbsprofilati.it\/de\/fbsprofilati-auf-der-messe-interzum-vom-9-bis-12-5\/","name":"FBSprofilati auf der Messe INTERZUM vom 9 bis 12\/5 - FBSprofilati","isPartOf":{"@id":"https:\/\/www.fbsprofilati.it\/#website"},"primaryImageOfPage":{"@id":"https:\/\/www.fbsprofilati.it\/de\/fbsprofilati-auf-der-messe-interzum-vom-9-bis-12-5\/#primaryimage"},"image":{"@id":"https:\/\/www.fbsprofilati.it\/de\/fbsprofilati-auf-der-messe-interzum-vom-9-bis-12-5\/#primaryimage"},"thumbnailUrl":"https:\/\/www.fbsprofilati.it\/wp-content\/uploads\/interzum.jpg","datePublished":"2024-05-10T08:16:49+00:00","dateModified":"2024-09-16T11:25:40+00:00","breadcrumb":{"@id":"https:\/\/www.fbsprofilati.it\/de\/fbsprofilati-auf-der-messe-interzum-vom-9-bis-12-5\/#breadcrumb"},"inLanguage":"de","potentialAction":[{"@type":"ReadAction","target":["https:\/\/www.fbsprofilati.it\/de\/fbsprofilati-auf-der-messe-interzum-vom-9-bis-12-5\/"]}]},{"@type":"ImageObject","inLanguage":"de","@id":"https:\/\/www.fbsprofilati.it\/de\/fbsprofilati-auf-der-messe-interzum-vom-9-bis-12-5\/#primaryimage","url":"https:\/\/www.fbsprofilati.it\/wp-content\/uploads\/interzum.jpg","contentUrl":"https:\/\/www.fbsprofilati.it\/wp-content\/uploads\/interzum.jpg","width":1200,"height":280,"caption":"interzum 2023"},{"@type":"BreadcrumbList","@id":"https:\/\/www.fbsprofilati.it\/de\/fbsprofilati-auf-der-messe-interzum-vom-9-bis-12-5\/#breadcrumb","itemListElement":[{"@type":"ListItem","position":1,"name":"Home","item":"https:\/\/www.fbsprofilati.it\/de\/"},{"@type":"ListItem","position":2,"name":"FBSprofilati auf der Messe INTERZUM vom 9 bis 12\/5"}]},{"@type":"WebSite","@id":"https:\/\/www.fbsprofilati.it\/#website","url":"https:\/\/www.fbsprofilati.it\/","name":"FBSprofilati","description":"The Art of Forming","publisher":{"@id":"https:\/\/www.fbsprofilati.it\/#organization"},"potentialAction":[{"@type":"SearchAction","target":{"@type":"EntryPoint","urlTemplate":"https:\/\/www.fbsprofilati.it\/?s={search_term_string}"},"query-input":{"@type":"PropertyValueSpecification","valueRequired":true,"valueName":"search_term_string"}}],"inLanguage":"de"},{"@type":"Organization","@id":"https:\/\/www.fbsprofilati.it\/#organization","name":"FBSprofilati","url":"https:\/\/www.fbsprofilati.it\/","logo":{"@type":"ImageObject","inLanguage":"de","@id":"https:\/\/www.fbsprofilati.it\/#\/schema\/logo\/image\/","url":"https:\/\/www.fbsprofilati.it\/wp-content\/uploads\/2021\/03\/FBS_logotype_favicon_300x300.jpg","contentUrl":"https:\/\/www.fbsprofilati.it\/wp-content\/uploads\/2021\/03\/FBS_logotype_favicon_300x300.jpg","width":300,"height":300,"caption":"FBSprofilati"},"image":{"@id":"https:\/\/www.fbsprofilati.it\/#\/schema\/logo\/image\/"},"sameAs":["https:\/\/www.facebook.com\/FBSprofilati-srl-589930664398780\/","https:\/\/www.instagram.com\/fbsprofilati\/","https:\/\/www.pinterest.it\/fbsprofilati\/"]},{"@type":"Person","@id":"https:\/\/www.fbsprofilati.it\/#\/schema\/person\/84ae9562a202b0be2f770bcd426d1652","name":"stefano","image":{"@type":"ImageObject","inLanguage":"de","@id":"https:\/\/secure.gravatar.com\/avatar\/9858ae4fd0bfb4d80aba1e275c5f8c38845ddce8d93b8bfd7b2d4d0a43311399?s=96&d=mm&r=g","url":"https:\/\/secure.gravatar.com\/avatar\/9858ae4fd0bfb4d80aba1e275c5f8c38845ddce8d93b8bfd7b2d4d0a43311399?s=96&d=mm&r=g","contentUrl":"https:\/\/secure.gravatar.com\/avatar\/9858ae4fd0bfb4d80aba1e275c5f8c38845ddce8d93b8bfd7b2d4d0a43311399?s=96&d=mm&r=g","caption":"stefano"}}]}},"_links":{"self":[{"href":"https:\/\/www.fbsprofilati.it\/de\/wp-json\/wp\/v2\/posts\/14555","targetHints":{"allow":["GET"]}}],"collection":[{"href":"https:\/\/www.fbsprofilati.it\/de\/wp-json\/wp\/v2\/posts"}],"about":[{"href":"https:\/\/www.fbsprofilati.it\/de\/wp-json\/wp\/v2\/types\/post"}],"author":[{"embeddable":true,"href":"https:\/\/www.fbsprofilati.it\/de\/wp-json\/wp\/v2\/users\/6"}],"replies":[{"embeddable":true,"href":"https:\/\/www.fbsprofilati.it\/de\/wp-json\/wp\/v2\/comments?post=14555"}],"version-history":[{"count":1,"href":"https:\/\/www.fbsprofilati.it\/de\/wp-json\/wp\/v2\/posts\/14555\/revisions"}],"predecessor-version":[{"id":16123,"href":"https:\/\/www.fbsprofilati.it\/de\/wp-json\/wp\/v2\/posts\/14555\/revisions\/16123"}],"wp:featuredmedia":[{"embeddable":true,"href":"https:\/\/www.fbsprofilati.it\/de\/wp-json\/wp\/v2\/media\/14018"}],"wp:attachment":[{"href":"https:\/\/www.fbsprofilati.it\/de\/wp-json\/wp\/v2\/media?parent=14555"}],"wp:term":[{"taxonomy":"category","embeddable":true,"href":"https:\/\/www.fbsprofilati.it\/de\/wp-json\/wp\/v2\/categories?post=14555"},{"taxonomy":"post_tag","embeddable":true,"href":"https:\/\/www.fbsprofilati.it\/de\/wp-json\/wp\/v2\/tags?post=14555"}],"curies":[{"name":"wp","href":"https:\/\/api.w.org\/{rel}","templated":true}]}}